{"id":4754,"date":"2023-01-04T14:17:25","date_gmt":"2023-01-04T11:17:25","guid":{"rendered":"https:\/\/canaydin.av.tr\/?p=4754"},"modified":"2023-06-15T10:23:21","modified_gmt":"2023-06-15T07:23:21","slug":"turkiye-vatandasligi-doviz-alim-belgesi-hakkinda-onemli-degisiklik","status":"publish","type":"post","link":"https:\/\/canaydin.av.tr\/ar\/turkiye-vatandasligi-doviz-alim-belgesi-hakkinda-onemli-degisiklik\/","title":{"rendered":"\u062a\u0631\u0643\u064a\u0627 \u0641\u0627\u062a\u0627\u0646\u062f\u0627\u015eLI\u011eI \u062f\u0648\u0641\u064a\u0632 \u0639\u0644\u064a\u0645 \u0628\u0644\u062c\u064a\u0643\u0627 \u0647\u0627\u0643\u064a\u0646\u062f\u0627 \u0623\u0648\u0646\u064a\u0645\u0644\u064a \u062f\u064a\u062c\u064a\u0643\u0644\u064a\u0643"},"content":{"rendered":"<p>\u0110evre\u060c \u015fehircilik ve iklim de\u011fi\u015fikli\u011fi bakanl\u0131\u011f\u0131n\u0131n ilgili birimlere yollad\u0131\u011f\u0131\u060c yay\u0131mlanan genelgede vatanda\u015fl\u0131k al\u0131m\u0131nda sunulan d\u00f6viz al\u0131m belgesinin yeni d\u00fczenlemesi ile kar\u015f\u0131la\u015f\u0131ld\u0131.<\/p>\n<p>D\u00fczenlemeden \u00f6nceki sistemde yabanc\u0131 ger\u00e7ek ki\u015filerin T\u00fcrkiye&#039;de ta\u015f\u0131nmaz mal sat\u0131n al\u0131mlar\u0131 s\u0131ras\u0131nda sat\u0131\u015f bedeli olan dovizin bir Bankaya sat\u0131ld\u0131\u011f\u0131n\u0131 g\u00f6steren d\u00f6viz al\u0131m belgesini Tapu idaresine sunmakla y\u00fck\u00fcml\u00fcd\u00fcrler.<\/p>\n<p>TC Hazine ve Maliye Bakanl\u0131\u011f\u0131n\u0131n 07.12.2022 tarihli h\u00fckm\u00fc ile ge\u00e7erli olan systemin yerine\u061b<\/p>\n<p>\u0645\u0646 \u062e\u0644\u0627\u0644 \u062a\u0648\u0641\u064a\u0631 \u062e\u062f\u0645\u0629 \u0645\u0635\u0631\u0641\u064a\u0629 \u0645\u062c\u0627\u0646\u064a\u0629\u060c \u064a\u0645\u0643\u0646\u0643 \u0627\u0644\u062d\u0635\u0648\u0644 \u0639\u0644\u0649 \u0628\u0637\u0627\u0642\u0629 \u0628\u0631\u064a\u062f\u064a\u0629 \u0625\u0644\u0643\u062a\u0631\u0648\u0646\u064a\u0629 (KEP) \u0645\u0646 \u062e\u0644\u0627\u0644 \u0628\u0637\u0627\u0642\u0629 \u0628\u0631\u064a\u062f\u064a\u0629 \u0625\u0644\u0643\u062a\u0631\u0648\u0646\u064a\u0629 (KEP). \u0415lgililerin Tapu I\u015flemleri ba\u015fvurusunda bulunabilmeleri i\u00e7in\u060c sat\u0131s bedeli ya da gyrimenkul sat\u0131\u015f vaadi s\u00f6zle\u015fmelerinde pe\u015fin \u00f6denen k\u0131sma ait olan d\u00f6vizin b,r Bankaya sat\u0131ld\u0131\u011f\u0131n\u0131 g\u00f6steren d\u00f6viz al\u0131m belhgesinin Banka arac\u0131l\u0131\u011f\u0131l\u0131yla KEP \u00fczerinden ilgili kuruma g\u00f6nderilmesi gerekmektedir olarak h\u00fck\u00fcm kurulmu\u015ftur.<\/p>\n<p>Bu d\u00fczenlemeye ba\u011fl\u0131 olarak 09.12.2022 tarihinden itibaren sat\u0131\u015f\u0131 yap\u0131lacak olan d\u00f6vize ili\u015fkin d\u00f6viz al\u0131m belgelerinin mutlaka KEP \u00fczerinden Tapu idaresine g\u00f6nderilmesi gerekmektedir.<\/p>\n<p>\u0648\u0644\u0643\u0646 \u0628\u0639\u062f \u0630\u0644\u0643\u060c \u0628\u0645\u062c\u0631\u062f \u0627\u0634\u062a\u0631\u0627\u0643\u0643 \u0641\u064a \u0627\u0644\u0628\u0631\u0646\u0627\u0645\u062c\u060c \u064a\u0645\u0643\u0646\u0643 \u0627\u0644\u062d\u0635\u0648\u0644 \u0639\u0644\u0649 \u062d\u0633\u0627\u0628 \u0645\u0635\u0631\u0641\u064a \u062e\u0627\u0635 \u0645\u0646 KEP \u00fczerinden g\u00f6nderilmi\u015f olmas\u0131n\u0131n yan\u0131nda ilgilileri taraf\u0131ndan doviz all\u0131m belgelirinin de ilgili Banka ile irtibat kurulup do\u011frulu\u011fu teyit edilmek \u015fart\u0131yla kabul edilmesi gerekmektedir.<\/p>","protected":false},"excerpt":{"rendered":"<p>\u00c7evre ,\u015fehircilik ve iklim de\u011fi\u015fikli\u011fi bakanl\u0131\u011f\u0131n\u0131n ilgili birimlere yollad\u0131\u011f\u0131 , yay\u0131mlanan genelgede vatanda\u015fl\u0131k al\u0131m\u0131nda sunulan d\u00f6viz al\u0131m belgesinin\u00a0 yeni d\u00fczenlemesi ile kar\u015f\u0131la\u015f\u0131ld\u0131. D\u00fczenlemeden \u00f6nceki sistemde\u00a0 yabanc\u0131 ger\u00e7ek ki\u015filerin T\u00fcrkiye&#8217;de ta\u015f\u0131nmaz mal\u00a0 sat\u0131n al\u0131mlar\u0131 s\u0131ras\u0131nda sat\u0131\u015f bedeli olan d\u00f6vizin bir bankaya sat\u0131ld\u0131\u011f\u0131n\u0131 g\u00f6steren d\u00f6viz al\u0131m belgesini tapu idaresine sunmakla y\u00fck\u00fcml\u00fcd\u00fcrler. T.C. Hazine ve Maliye Bakanl\u0131\u011f\u0131n\u0131n 07.12.2022&#8230;<\/p>","protected":false},"author":4,"featured_media":4133,"comment_status":"closed","ping_status":"open","sticky":false,"template":"","format":"standard","meta":{"_joinchat":[],"footnotes":""},"categories":[51],"tags":[],"class_list":["post-4754","post","type-post","status-publish","format-standard","has-post-thumbnail","hentry","category-turkish-citizenship-by-invesment"],"yoast_head":"<!-- This site is optimized with the Yoast SEO plugin v27.5 - https:\/\/yoast.com\/product\/yoast-seo-wordpress\/ -->\n<title>T\u00dcRK\u0130YE VATANDA\u015eLI\u011eI D\u00d6V\u0130Z ALIM BELGES\u0130 HAKKINDA \u00d6NEML\u0130 DE\u011e\u0130\u015e\u0130KL\u0130K - CANAYDIN Law Firm<\/title>\n<meta name=\"description\" content=\"\u00c7evre ,\u015fehircilik ve iklim de\u011fi\u015fikli\u011fi bakanl\u0131\u011f\u0131n\u0131n ilgili birimlere yollad\u0131\u011f\u0131 , yay\u0131mlanan genelgede vatanda\u015fl\u0131k al\u0131m\u0131nda sunulan d\u00f6viz al\u0131m belgesinin\u00a0 yeni d\u00fczenlemesi ile kar\u015f\u0131la\u015f\u0131ld\u0131.\" \/>\n<meta name=\"robots\" content=\"index, follow, max-snippet:-1, max-image-preview:large, max-video-preview:-1\" \/>\n<link rel=\"canonical\" href=\"https:\/\/canaydin.av.tr\/ar\/turkiye-vatandasligi-doviz-alim-belgesi-hakkinda-onemli-degisiklik\/\" \/>\n<meta property=\"og:locale\" content=\"ar_AR\" \/>\n<meta property=\"og:type\" content=\"article\" \/>\n<meta property=\"og:title\" content=\"T\u00dcRK\u0130YE VATANDA\u015eLI\u011eI D\u00d6V\u0130Z ALIM BELGES\u0130 HAKKINDA \u00d6NEML\u0130 DE\u011e\u0130\u015e\u0130KL\u0130K - CANAYDIN Law Firm\" \/>\n<meta property=\"og:description\" content=\"\u00c7evre ,\u015fehircilik ve iklim de\u011fi\u015fikli\u011fi bakanl\u0131\u011f\u0131n\u0131n ilgili birimlere yollad\u0131\u011f\u0131 , yay\u0131mlanan genelgede vatanda\u015fl\u0131k al\u0131m\u0131nda sunulan d\u00f6viz al\u0131m belgesinin\u00a0 yeni d\u00fczenlemesi ile kar\u015f\u0131la\u015f\u0131ld\u0131.\" \/>\n<meta property=\"og:url\" content=\"https:\/\/canaydin.av.tr\/ar\/turkiye-vatandasligi-doviz-alim-belgesi-hakkinda-onemli-degisiklik\/\" \/>\n<meta property=\"og:site_name\" content=\"CANAYDIN Law Firm\" \/>\n<meta property=\"article:publisher\" content=\"https:\/\/www.facebook.com\/Canayd%c4%b1n-Law-Firm-108564714824327\" \/>\n<meta property=\"article:published_time\" content=\"2023-01-04T11:17:25+00:00\" \/>\n<meta property=\"article:modified_time\" content=\"2023-06-15T07:23:21+00:00\" \/>\n<meta property=\"og:image\" content=\"https:\/\/canaydin.av.tr\/wp-content\/uploads\/2021\/08\/Adsiz-tasarim-3-1-1280x733.png\" \/>\n\t<meta property=\"og:image:width\" content=\"1280\" \/>\n\t<meta property=\"og:image:height\" content=\"733\" \/>\n\t<meta property=\"og:image:type\" content=\"image\/png\" \/>\n<meta name=\"author\" content=\"iman\" \/>\n<meta name=\"twitter:card\" content=\"summary_large_image\" \/>\n<meta name=\"twitter:label1\" content=\"\u0643\u064f\u062a\u0628 \u0628\u0648\u0627\u0633\u0637\u0629\" \/>\n\t<meta name=\"twitter:data1\" content=\"iman\" \/>\n\t<meta name=\"twitter:label2\" content=\"\u0648\u0642\u062a \u0627\u0644\u0642\u0631\u0627\u0621\u0629 \u0627\u0644\u0645\u064f\u0642\u062f\u0651\u0631\" \/>\n\t<meta name=\"twitter:data2\" content=\"\u062f\u0642\u064a\u0642\u0629 \u0648\u0627\u062d\u062f\u0629\" \/>\n<script type=\"application\/ld+json\" class=\"yoast-schema-graph\">{\"@context\":\"https:\\\/\\\/schema.org\",\"@graph\":[{\"@type\":\"Article\",\"@id\":\"https:\\\/\\\/canaydin.av.tr\\\/zh\\\/turkiye-vatandasligi-doviz-alim-belgesi-hakkinda-onemli-degisiklik\\\/#article\",\"isPartOf\":{\"@id\":\"https:\\\/\\\/canaydin.av.tr\\\/zh\\\/turkiye-vatandasligi-doviz-alim-belgesi-hakkinda-onemli-degisiklik\\\/\"},\"author\":{\"name\":\"iman\",\"@id\":\"https:\\\/\\\/canaydin.av.tr\\\/#\\\/schema\\\/person\\\/6fbbcdb1166014844436ca255248cec5\"},\"headline\":\"T\u00dcRK\u0130YE VATANDA\u015eLI\u011eI D\u00d6V\u0130Z ALIM BELGES\u0130 HAKKINDA \u00d6NEML\u0130 DE\u011e\u0130\u015e\u0130KL\u0130K\",\"datePublished\":\"2023-01-04T11:17:25+00:00\",\"dateModified\":\"2023-06-15T07:23:21+00:00\",\"mainEntityOfPage\":{\"@id\":\"https:\\\/\\\/canaydin.av.tr\\\/zh\\\/turkiye-vatandasligi-doviz-alim-belgesi-hakkinda-onemli-degisiklik\\\/\"},\"wordCount\":296,\"publisher\":{\"@id\":\"https:\\\/\\\/canaydin.av.tr\\\/#organization\"},\"image\":{\"@id\":\"https:\\\/\\\/canaydin.av.tr\\\/zh\\\/turkiye-vatandasligi-doviz-alim-belgesi-hakkinda-onemli-degisiklik\\\/#primaryimage\"},\"thumbnailUrl\":\"https:\\\/\\\/canaydin.av.tr\\\/wp-content\\\/uploads\\\/2021\\\/08\\\/Adsiz-tasarim-3-1.png\",\"articleSection\":[\"Turkish Citizenship by Invesment\"],\"inLanguage\":\"ar\"},{\"@type\":\"WebPage\",\"@id\":\"https:\\\/\\\/canaydin.av.tr\\\/zh\\\/turkiye-vatandasligi-doviz-alim-belgesi-hakkinda-onemli-degisiklik\\\/\",\"url\":\"https:\\\/\\\/canaydin.av.tr\\\/zh\\\/turkiye-vatandasligi-doviz-alim-belgesi-hakkinda-onemli-degisiklik\\\/\",\"name\":\"T\u00dcRK\u0130YE VATANDA\u015eLI\u011eI D\u00d6V\u0130Z ALIM BELGES\u0130 HAKKINDA \u00d6NEML\u0130 DE\u011e\u0130\u015e\u0130KL\u0130K - CANAYDIN Law Firm\",\"isPartOf\":{\"@id\":\"https:\\\/\\\/canaydin.av.tr\\\/#website\"},\"primaryImageOfPage\":{\"@id\":\"https:\\\/\\\/canaydin.av.tr\\\/zh\\\/turkiye-vatandasligi-doviz-alim-belgesi-hakkinda-onemli-degisiklik\\\/#primaryimage\"},\"image\":{\"@id\":\"https:\\\/\\\/canaydin.av.tr\\\/zh\\\/turkiye-vatandasligi-doviz-alim-belgesi-hakkinda-onemli-degisiklik\\\/#primaryimage\"},\"thumbnailUrl\":\"https:\\\/\\\/canaydin.av.tr\\\/wp-content\\\/uploads\\\/2021\\\/08\\\/Adsiz-tasarim-3-1.png\",\"datePublished\":\"2023-01-04T11:17:25+00:00\",\"dateModified\":\"2023-06-15T07:23:21+00:00\",\"description\":\"\u00c7evre ,\u015fehircilik ve iklim de\u011fi\u015fikli\u011fi bakanl\u0131\u011f\u0131n\u0131n ilgili birimlere yollad\u0131\u011f\u0131 , yay\u0131mlanan genelgede vatanda\u015fl\u0131k al\u0131m\u0131nda sunulan d\u00f6viz al\u0131m belgesinin\u00a0 yeni d\u00fczenlemesi ile kar\u015f\u0131la\u015f\u0131ld\u0131.\",\"breadcrumb\":{\"@id\":\"https:\\\/\\\/canaydin.av.tr\\\/zh\\\/turkiye-vatandasligi-doviz-alim-belgesi-hakkinda-onemli-degisiklik\\\/#breadcrumb\"},\"inLanguage\":\"ar\",\"potentialAction\":[{\"@type\":\"ReadAction\",\"target\":[\"https:\\\/\\\/canaydin.av.tr\\\/zh\\\/turkiye-vatandasligi-doviz-alim-belgesi-hakkinda-onemli-degisiklik\\\/\"]}]},{\"@type\":\"ImageObject\",\"inLanguage\":\"ar\",\"@id\":\"https:\\\/\\\/canaydin.av.tr\\\/zh\\\/turkiye-vatandasligi-doviz-alim-belgesi-hakkinda-onemli-degisiklik\\\/#primaryimage\",\"url\":\"https:\\\/\\\/canaydin.av.tr\\\/wp-content\\\/uploads\\\/2021\\\/08\\\/Adsiz-tasarim-3-1.png\",\"contentUrl\":\"https:\\\/\\\/canaydin.av.tr\\\/wp-content\\\/uploads\\\/2021\\\/08\\\/Adsiz-tasarim-3-1.png\",\"width\":1920,\"height\":1100},{\"@type\":\"BreadcrumbList\",\"@id\":\"https:\\\/\\\/canaydin.av.tr\\\/zh\\\/turkiye-vatandasligi-doviz-alim-belgesi-hakkinda-onemli-degisiklik\\\/#breadcrumb\",\"itemListElement\":[{\"@type\":\"ListItem\",\"position\":1,\"name\":\"Anasayfa\",\"item\":\"https:\\\/\\\/canaydin.av.tr\\\/\"},{\"@type\":\"ListItem\",\"position\":2,\"name\":\"T\u00dcRK\u0130YE VATANDA\u015eLI\u011eI D\u00d6V\u0130Z ALIM BELGES\u0130 HAKKINDA \u00d6NEML\u0130 DE\u011e\u0130\u015e\u0130KL\u0130K\"}]},{\"@type\":\"WebSite\",\"@id\":\"https:\\\/\\\/canaydin.av.tr\\\/#website\",\"url\":\"https:\\\/\\\/canaydin.av.tr\\\/\",\"name\":\"CANAYDIN Law Firm\",\"description\":\"\",\"publisher\":{\"@id\":\"https:\\\/\\\/canaydin.av.tr\\\/#organization\"},\"potentialAction\":[{\"@type\":\"SearchAction\",\"target\":{\"@type\":\"EntryPoint\",\"urlTemplate\":\"https:\\\/\\\/canaydin.av.tr\\\/?s={search_term_string}\"},\"query-input\":{\"@type\":\"PropertyValueSpecification\",\"valueRequired\":true,\"valueName\":\"search_term_string\"}}],\"inLanguage\":\"ar\"},{\"@type\":\"Organization\",\"@id\":\"https:\\\/\\\/canaydin.av.tr\\\/#organization\",\"name\":\"Canaydin Law Firm\",\"url\":\"https:\\\/\\\/canaydin.av.tr\\\/\",\"logo\":{\"@type\":\"ImageObject\",\"inLanguage\":\"ar\",\"@id\":\"https:\\\/\\\/canaydin.av.tr\\\/#\\\/schema\\\/logo\\\/image\\\/\",\"url\":\"https:\\\/\\\/canaydin.av.tr\\\/wp-content\\\/uploads\\\/2021\\\/07\\\/Logo-Canaydin.png\",\"contentUrl\":\"https:\\\/\\\/canaydin.av.tr\\\/wp-content\\\/uploads\\\/2021\\\/07\\\/Logo-Canaydin.png\",\"width\":3733,\"height\":1029,\"caption\":\"Canaydin Law Firm\"},\"image\":{\"@id\":\"https:\\\/\\\/canaydin.av.tr\\\/#\\\/schema\\\/logo\\\/image\\\/\"},\"sameAs\":[\"https:\\\/\\\/www.facebook.com\\\/Canayd\u0131n-Law-Firm-108564714824327\",\"https:\\\/\\\/instagram.com\\\/canaydinlawfirm\",\"https:\\\/\\\/www.linkedin.com\\\/company\\\/canaydin-law-firm\\\/\",\"https:\\\/\\\/www.youtube.com\\\/channel\\\/UCAioITA_h23oo3pWmEAgMfQ\"]},{\"@type\":\"Person\",\"@id\":\"https:\\\/\\\/canaydin.av.tr\\\/#\\\/schema\\\/person\\\/6fbbcdb1166014844436ca255248cec5\",\"name\":\"iman\",\"image\":{\"@type\":\"ImageObject\",\"inLanguage\":\"ar\",\"@id\":\"https:\\\/\\\/secure.gravatar.com\\\/avatar\\\/921a4fdd2a12a1b311aa44154aa4a0165c88c348f64ddb1dc6378027be436cff?s=96&d=mm&r=g\",\"url\":\"https:\\\/\\\/secure.gravatar.com\\\/avatar\\\/921a4fdd2a12a1b311aa44154aa4a0165c88c348f64ddb1dc6378027be436cff?s=96&d=mm&r=g\",\"contentUrl\":\"https:\\\/\\\/secure.gravatar.com\\\/avatar\\\/921a4fdd2a12a1b311aa44154aa4a0165c88c348f64ddb1dc6378027be436cff?s=96&d=mm&r=g\",\"caption\":\"iman\"},\"url\":\"https:\\\/\\\/canaydin.av.tr\\\/ar\\\/author\\\/iman\\\/\"}]}<\/script>\n<!-- \/ Yoast SEO plugin. -->","yoast_head_json":{"title":"T\u00dcRK\u0130YE VATANDA\u015eLI\u011eI D\u00d6V\u0130Z ALIM BELGES\u0130 HAKKINDA \u00d6NEML\u0130 DE\u011e\u0130\u015e\u0130KL\u0130K - CANAYDIN Law Firm","description":"\u0110evre\u060c \u015fehircilik ve iklim de\u011fi\u015fikli\u011fi bakanl\u0131\u011f\u0131n\u0131n ilgili birimlere yollad\u0131\u011f\u0131\u060c yay\u0131mlanan genelgede vatanda\u015fl\u0131k al\u0131m\u0131nda sunulan d\u00f6viz al\u0131m belgesinin yeni d\u00fczenlemesi ile kar\u015f\u0131la\u015f\u0131ld\u0131.","robots":{"index":"index","follow":"follow","max-snippet":"max-snippet:-1","max-image-preview":"max-image-preview:large","max-video-preview":"max-video-preview:-1"},"canonical":"https:\/\/canaydin.av.tr\/ar\/turkiye-vatandasligi-doviz-alim-belgesi-hakkinda-onemli-degisiklik\/","og_locale":"ar_AR","og_type":"article","og_title":"T\u00dcRK\u0130YE VATANDA\u015eLI\u011eI D\u00d6V\u0130Z ALIM BELGES\u0130 HAKKINDA \u00d6NEML\u0130 DE\u011e\u0130\u015e\u0130KL\u0130K - CANAYDIN Law Firm","og_description":"\u00c7evre ,\u015fehircilik ve iklim de\u011fi\u015fikli\u011fi bakanl\u0131\u011f\u0131n\u0131n ilgili birimlere yollad\u0131\u011f\u0131 , yay\u0131mlanan genelgede vatanda\u015fl\u0131k al\u0131m\u0131nda sunulan d\u00f6viz al\u0131m belgesinin\u00a0 yeni d\u00fczenlemesi ile kar\u015f\u0131la\u015f\u0131ld\u0131.","og_url":"https:\/\/canaydin.av.tr\/ar\/turkiye-vatandasligi-doviz-alim-belgesi-hakkinda-onemli-degisiklik\/","og_site_name":"CANAYDIN Law Firm","article_publisher":"https:\/\/www.facebook.com\/Canayd%c4%b1n-Law-Firm-108564714824327","article_published_time":"2023-01-04T11:17:25+00:00","article_modified_time":"2023-06-15T07:23:21+00:00","og_image":[{"width":1280,"height":733,"url":"https:\/\/canaydin.av.tr\/wp-content\/uploads\/2021\/08\/Adsiz-tasarim-3-1-1280x733.png","type":"image\/png"}],"author":"iman","twitter_card":"summary_large_image","twitter_misc":{"\u0643\u064f\u062a\u0628 \u0628\u0648\u0627\u0633\u0637\u0629":"iman","\u0648\u0642\u062a \u0627\u0644\u0642\u0631\u0627\u0621\u0629 \u0627\u0644\u0645\u064f\u0642\u062f\u0651\u0631":"\u062f\u0642\u064a\u0642\u0629 \u0648\u0627\u062d\u062f\u0629"},"schema":{"@context":"https:\/\/schema.org","@graph":[{"@type":"Article","@id":"https:\/\/canaydin.av.tr\/zh\/turkiye-vatandasligi-doviz-alim-belgesi-hakkinda-onemli-degisiklik\/#article","isPartOf":{"@id":"https:\/\/canaydin.av.tr\/zh\/turkiye-vatandasligi-doviz-alim-belgesi-hakkinda-onemli-degisiklik\/"},"author":{"name":"iman","@id":"https:\/\/canaydin.av.tr\/#\/schema\/person\/6fbbcdb1166014844436ca255248cec5"},"headline":"T\u00dcRK\u0130YE VATANDA\u015eLI\u011eI D\u00d6V\u0130Z ALIM BELGES\u0130 HAKKINDA \u00d6NEML\u0130 DE\u011e\u0130\u015e\u0130KL\u0130K","datePublished":"2023-01-04T11:17:25+00:00","dateModified":"2023-06-15T07:23:21+00:00","mainEntityOfPage":{"@id":"https:\/\/canaydin.av.tr\/zh\/turkiye-vatandasligi-doviz-alim-belgesi-hakkinda-onemli-degisiklik\/"},"wordCount":296,"publisher":{"@id":"https:\/\/canaydin.av.tr\/#organization"},"image":{"@id":"https:\/\/canaydin.av.tr\/zh\/turkiye-vatandasligi-doviz-alim-belgesi-hakkinda-onemli-degisiklik\/#primaryimage"},"thumbnailUrl":"https:\/\/canaydin.av.tr\/wp-content\/uploads\/2021\/08\/Adsiz-tasarim-3-1.png","articleSection":["Turkish Citizenship by Invesment"],"inLanguage":"ar"},{"@type":"WebPage","@id":"https:\/\/canaydin.av.tr\/zh\/turkiye-vatandasligi-doviz-alim-belgesi-hakkinda-onemli-degisiklik\/","url":"https:\/\/canaydin.av.tr\/zh\/turkiye-vatandasligi-doviz-alim-belgesi-hakkinda-onemli-degisiklik\/","name":"T\u00dcRK\u0130YE VATANDA\u015eLI\u011eI D\u00d6V\u0130Z ALIM BELGES\u0130 HAKKINDA \u00d6NEML\u0130 DE\u011e\u0130\u015e\u0130KL\u0130K - CANAYDIN Law Firm","isPartOf":{"@id":"https:\/\/canaydin.av.tr\/#website"},"primaryImageOfPage":{"@id":"https:\/\/canaydin.av.tr\/zh\/turkiye-vatandasligi-doviz-alim-belgesi-hakkinda-onemli-degisiklik\/#primaryimage"},"image":{"@id":"https:\/\/canaydin.av.tr\/zh\/turkiye-vatandasligi-doviz-alim-belgesi-hakkinda-onemli-degisiklik\/#primaryimage"},"thumbnailUrl":"https:\/\/canaydin.av.tr\/wp-content\/uploads\/2021\/08\/Adsiz-tasarim-3-1.png","datePublished":"2023-01-04T11:17:25+00:00","dateModified":"2023-06-15T07:23:21+00:00","description":"\u0110evre\u060c \u015fehircilik ve iklim de\u011fi\u015fikli\u011fi bakanl\u0131\u011f\u0131n\u0131n ilgili birimlere yollad\u0131\u011f\u0131\u060c yay\u0131mlanan genelgede vatanda\u015fl\u0131k al\u0131m\u0131nda sunulan d\u00f6viz al\u0131m belgesinin yeni d\u00fczenlemesi ile kar\u015f\u0131la\u015f\u0131ld\u0131.","breadcrumb":{"@id":"https:\/\/canaydin.av.tr\/zh\/turkiye-vatandasligi-doviz-alim-belgesi-hakkinda-onemli-degisiklik\/#breadcrumb"},"inLanguage":"ar","potentialAction":[{"@type":"ReadAction","target":["https:\/\/canaydin.av.tr\/zh\/turkiye-vatandasligi-doviz-alim-belgesi-hakkinda-onemli-degisiklik\/"]}]},{"@type":"ImageObject","inLanguage":"ar","@id":"https:\/\/canaydin.av.tr\/zh\/turkiye-vatandasligi-doviz-alim-belgesi-hakkinda-onemli-degisiklik\/#primaryimage","url":"https:\/\/canaydin.av.tr\/wp-content\/uploads\/2021\/08\/Adsiz-tasarim-3-1.png","contentUrl":"https:\/\/canaydin.av.tr\/wp-content\/uploads\/2021\/08\/Adsiz-tasarim-3-1.png","width":1920,"height":1100},{"@type":"BreadcrumbList","@id":"https:\/\/canaydin.av.tr\/zh\/turkiye-vatandasligi-doviz-alim-belgesi-hakkinda-onemli-degisiklik\/#breadcrumb","itemListElement":[{"@type":"ListItem","position":1,"name":"Anasayfa","item":"https:\/\/canaydin.av.tr\/"},{"@type":"ListItem","position":2,"name":"T\u00dcRK\u0130YE VATANDA\u015eLI\u011eI D\u00d6V\u0130Z ALIM BELGES\u0130 HAKKINDA \u00d6NEML\u0130 DE\u011e\u0130\u015e\u0130KL\u0130K"}]},{"@type":"WebSite","@id":"https:\/\/canaydin.av.tr\/#website","url":"https:\/\/canaydin.av.tr\/","name":"\u0645\u0643\u062a\u0628 \u0643\u0627\u0646\u0627\u064a\u062f\u064a\u0646 \u0644\u0644\u0645\u062d\u0627\u0645\u0627\u0629","description":"","publisher":{"@id":"https:\/\/canaydin.av.tr\/#organization"},"potentialAction":[{"@type":"SearchAction","target":{"@type":"EntryPoint","urlTemplate":"https:\/\/canaydin.av.tr\/?s={search_term_string}"},"query-input":{"@type":"PropertyValueSpecification","valueRequired":true,"valueName":"search_term_string"}}],"inLanguage":"ar"},{"@type":"Organization","@id":"https:\/\/canaydin.av.tr\/#organization","name":"Canaydin Law Firm","url":"https:\/\/canaydin.av.tr\/","logo":{"@type":"ImageObject","inLanguage":"ar","@id":"https:\/\/canaydin.av.tr\/#\/schema\/logo\/image\/","url":"https:\/\/canaydin.av.tr\/wp-content\/uploads\/2021\/07\/Logo-Canaydin.png","contentUrl":"https:\/\/canaydin.av.tr\/wp-content\/uploads\/2021\/07\/Logo-Canaydin.png","width":3733,"height":1029,"caption":"Canaydin Law Firm"},"image":{"@id":"https:\/\/canaydin.av.tr\/#\/schema\/logo\/image\/"},"sameAs":["https:\/\/www.facebook.com\/Canayd\u0131n-Law-Firm-108564714824327","https:\/\/instagram.com\/canaydinlawfirm","https:\/\/www.linkedin.com\/company\/canaydin-law-firm\/","https:\/\/www.youtube.com\/channel\/UCAioITA_h23oo3pWmEAgMfQ"]},{"@type":"Person","@id":"https:\/\/canaydin.av.tr\/#\/schema\/person\/6fbbcdb1166014844436ca255248cec5","name":"iman","image":{"@type":"ImageObject","inLanguage":"ar","@id":"https:\/\/secure.gravatar.com\/avatar\/921a4fdd2a12a1b311aa44154aa4a0165c88c348f64ddb1dc6378027be436cff?s=96&d=mm&r=g","url":"https:\/\/secure.gravatar.com\/avatar\/921a4fdd2a12a1b311aa44154aa4a0165c88c348f64ddb1dc6378027be436cff?s=96&d=mm&r=g","contentUrl":"https:\/\/secure.gravatar.com\/avatar\/921a4fdd2a12a1b311aa44154aa4a0165c88c348f64ddb1dc6378027be436cff?s=96&d=mm&r=g","caption":"iman"},"url":"https:\/\/canaydin.av.tr\/ar\/author\/iman\/"}]}},"_links":{"self":[{"href":"https:\/\/canaydin.av.tr\/ar\/wp-json\/wp\/v2\/posts\/4754","targetHints":{"allow":["GET"]}}],"collection":[{"href":"https:\/\/canaydin.av.tr\/ar\/wp-json\/wp\/v2\/posts"}],"about":[{"href":"https:\/\/canaydin.av.tr\/ar\/wp-json\/wp\/v2\/types\/post"}],"author":[{"embeddable":true,"href":"https:\/\/canaydin.av.tr\/ar\/wp-json\/wp\/v2\/users\/4"}],"replies":[{"embeddable":true,"href":"https:\/\/canaydin.av.tr\/ar\/wp-json\/wp\/v2\/comments?post=4754"}],"version-history":[{"count":3,"href":"https:\/\/canaydin.av.tr\/ar\/wp-json\/wp\/v2\/posts\/4754\/revisions"}],"predecessor-version":[{"id":4758,"href":"https:\/\/canaydin.av.tr\/ar\/wp-json\/wp\/v2\/posts\/4754\/revisions\/4758"}],"wp:featuredmedia":[{"embeddable":true,"href":"https:\/\/canaydin.av.tr\/ar\/wp-json\/wp\/v2\/media\/4133"}],"wp:attachment":[{"href":"https:\/\/canaydin.av.tr\/ar\/wp-json\/wp\/v2\/media?parent=4754"}],"wp:term":[{"taxonomy":"category","embeddable":true,"href":"https:\/\/canaydin.av.tr\/ar\/wp-json\/wp\/v2\/categories?post=4754"},{"taxonomy":"post_tag","embeddable":true,"href":"https:\/\/canaydin.av.tr\/ar\/wp-json\/wp\/v2\/tags?post=4754"}],"curies":[{"name":"wp","href":"https:\/\/api.w.org\/{rel}","templated":true}]}}